{"id":657,"date":"2014-12-10T10:40:32","date_gmt":"2014-12-10T08:40:32","guid":{"rendered":"https:\/\/www.ume-mg.de\/?p=657"},"modified":"2014-12-10T10:40:32","modified_gmt":"2014-12-10T08:40:32","slug":"der-zdi-ausbau-schreitet-weiter-voran","status":"publish","type":"post","link":"https:\/\/www.ume-mg.de\/?p=657","title":{"rendered":"Der zdi-Ausbau schreitet weiter voran"},"content":{"rendered":"<p><em>Bereits zahlreiche Unternehmen und Schulen sind dem zdi-Netzwerk beigetreten. Im n\u00e4chsten Jahr realisiert das B\u00fcndnis weitere Angebote f\u00fcr Sch\u00fclerinnen und Sch\u00fcler.<\/em><\/p>\n<p><strong>Der Ausbau des zdi-Netzwerkes in M\u00f6nchengladbach schreitet z\u00fcgig voran. Viele Unternehmen und Schulen sind bereits beigetreten. \u201eWir sind in diesem Jahr stark gewachsen, wollen aber auch im n\u00e4chsten Jahr noch weitere Partner gewinnen, damit wir noch mehr praxisnahe Angebote zur Berufsorientierung erm\u00f6glichen k\u00f6nnen\u201c, gibt zdi-Projektmanager Daniel Dieker die Marschrichtung vor. Die zweij\u00e4hrige Aufbauphase soll Ende 2015 abgeschlossen sein.<\/strong><\/p>\n<p>Die Initiative \u201eZukunft durch Innovation\u201c (zdi) unter Federf\u00fchrung des NRW-Wissenschaftsministeriums will mit ihren regionalen Zentren Kinder und Jugendliche f\u00fcr die MINT-F\u00e4cher begeistern. MINT steht f\u00fcr Mathe, Informatik, Naturwissenschaften und Technik. Die Liste der Schulen und Unternehmen, die dem zdi-Netzwerk M\u00f6nchengladbach bereits beigetreten sind, ist lang: Mit SMS Meer, Tr\u00fctzschler, der Fritz Driescher KG, Effertz, Schorch, Alstom und Scheidt &amp; Bachmann f\u00f6rdern beispielsweise renommierte und weltweit f\u00fchrende Maschinenbauer den technisch interessierten Nachwuchs.<\/p>\n<p><strong>Sch\u00fclerreisen und \u201eBaugruppen\u201c<\/strong><\/p>\n<p>Das gilt auch f\u00fcr viele M\u00f6nchengladbacher Schulen aller Schulformen. Diese Schulen profitieren in einzigartiger Art und Weise von Projekten und Veranstaltungen. In kleinen Projektgruppen wurden in diesem Jahr beispielsweise Longboards, Balance Bots und Seifenkisten gebaut, die anschlie\u00dfend in den Besitz der teilnehmenden Schulen \u00fcbergingen. Der Businesstag Metall\/Elektro informierte in der Lehrwerkstatt von Tr\u00fctzschler praxisnah und spannend \u00fcber attraktive Lehrberufe im Maschinenbau. 60 Sch\u00fclerinnen und Sch\u00fcler lernten auf der diesj\u00e4hrigen Hannover Messe direkt vor Ort die Welt des Maschinenbaus kennen. Die Busreise wurde von der Unternehmerschaft der Metall- und Elektroindustrie gesponsert, die genauso wie die Agentur f\u00fcr Arbeit ein zdi-Partner ist.<\/p>\n<p><strong>Highlights 2015<\/strong><\/p>\n<p>Im n\u00e4chsten Jahr darf sich der Nachwuchs auf weitere Highlights freuen: Die Junior-Akademie ist bereits angelaufen. Das Math.-Nat.-Gymnasium wurde f\u00fcr dieses prestigetr\u00e4chtige Projekt der Deutschen Telekom Stiftung mit einer Laufzeit von zwei Jahren ausgew\u00e4hlt. Im Sommer 2015 wird die \u201eLego Education\u201c im Franz-Meyers-Gymnasium Sch\u00fclerinnen und Sch\u00fclern begeistern. LEGO Education sorgt f\u00fcr mehr Innovation und Kreativit\u00e4t im Unterrichtsalltag und wird f\u00fcr alle Schulen zug\u00e4nglich sein. In Kooperation mit dem ITZ der Hochschule Rhein-Waal wird das Math.-Nat. im n\u00e4chsten Jahr auch ein Bienenhaus bauen. Die Bisch\u00f6fl. Marienschule bietet in Kooperation mit Medical Computers Deutschland ein Technik-Praktikum und Experten-Vortr\u00e4ge im Informatikunterricht an.<\/p>\n<p><strong>Zdi-Labor<\/strong><\/p>\n<p>Ein weiteres Highlight wird das neue zdi-Labor sein, das voraussichtlich im Herbst 2015 seine R\u00e4umlichkeiten im \u201eBlauen Haus\u201c beziehen wird. Das NEW-Blauhaus, das derzeit auf dem Campus der Hochschule Niederrhein gebaut wird, wird dem Nachwuchs einen Ort bieten, wo Schulen mit interessierten Sch\u00fclerinnen und Sch\u00fclern gemeinsam forschen und arbeiten k\u00f6nnen.<\/p>\n<p><strong><em>Auf einen Blick<\/em><\/strong><\/p>\n<p><em>Unternehmen, die ebenfalls an einer zdi-Partnerschaft interessiert sind, k\u00f6nnen sich im MGconnect-Team der WFMG an Projektmanager Daniel Dieker unter Telefon 02161\/8 23 79 73 (Mail: dieker@wfmg.de) wenden. Koordiniert wird das zdi-Zentrum durch die st\u00e4dtische Wirtschaftsf\u00f6rderung. Gef\u00f6rdert wird die Offensive des zdi-Zentrums durch die Europ\u00e4ische Union. Weitere Infos unter www.zdi-mg.de.<\/em><\/p>\n<p><strong>Ansprechpartner f\u00fcr die Presse:<\/strong><br \/>\nSusanne Feldges \/ Daniel Dieker<br \/>\nzdi-Zentrum M\u00f6nchengladbach, c\/o MGconnect-Stiftung \/ WFMG<br \/>\nFon: 0 21 61-8 23 79-73, Mail: <a href=\"mailto:feldges@wfmg.de\">feldges@wfmg.de<\/a> oder <a href=\"mailto:dieker@wfmg.de\">dieker@wfmg.de<\/a><\/p>\n<p>&nbsp;<\/p>\n","protected":false},"excerpt":{"rendered":"<p>Bereits zahlreiche Unternehmen und Schulen sind dem zdi-Netzwerk beigetreten. Im n\u00e4chsten Jahr realisiert das B\u00fcndnis weitere Angebote f\u00fcr Sch\u00fclerinnen und Sch\u00fcler. Der Ausbau des zdi-Netzwerkes in M\u00f6nchengladbach schreitet z\u00fcgig voran. Viele Unternehmen und Schulen sind bereits beigetreten. \u201eWir sind in &hellip; <a href=\"https:\/\/www.ume-mg.de\/?p=657\">Weiterlesen <span class=\"meta-nav\">&rarr;<\/span><\/a><\/p>\n","protected":false},"author":2,"featured_media":0,"comment_status":"closed","ping_status":"open","sticky":false,"template":"","format":"standard","meta":{"footnotes":""},"categories":[1],"tags":[],"class_list":["post-657","post","type-post","status-publish","format-standard","hentry","category-presseinformationen"],"_links":{"self":[{"href":"https:\/\/www.ume-mg.de\/index.php?rest_route=\/wp\/v2\/posts\/657","targetHints":{"allow":["GET"]}}],"collection":[{"href":"https:\/\/www.ume-mg.de\/index.php?rest_route=\/wp\/v2\/posts"}],"about":[{"href":"https:\/\/www.ume-mg.de\/index.php?rest_route=\/wp\/v2\/types\/post"}],"author":[{"embeddable":true,"href":"https:\/\/www.ume-mg.de\/index.php?rest_route=\/wp\/v2\/users\/2"}],"replies":[{"embeddable":true,"href":"https:\/\/www.ume-mg.de\/index.php?rest_route=%2Fwp%2Fv2%2Fcomments&post=657"}],"version-history":[{"count":1,"href":"https:\/\/www.ume-mg.de\/index.php?rest_route=\/wp\/v2\/posts\/657\/revisions"}],"predecessor-version":[{"id":658,"href":"https:\/\/www.ume-mg.de\/index.php?rest_route=\/wp\/v2\/posts\/657\/revisions\/658"}],"wp:attachment":[{"href":"https:\/\/www.ume-mg.de\/index.php?rest_route=%2Fwp%2Fv2%2Fmedia&parent=657"}],"wp:term":[{"taxonomy":"category","embeddable":true,"href":"https:\/\/www.ume-mg.de\/index.php?rest_route=%2Fwp%2Fv2%2Fcategories&post=657"},{"taxonomy":"post_tag","embeddable":true,"href":"https:\/\/www.ume-mg.de\/index.php?rest_route=%2Fwp%2Fv2%2Ftags&post=657"}],"curies":[{"name":"wp","href":"https:\/\/api.w.org\/{rel}","templated":true}]}}