{"id":620,"date":"2014-10-27T14:10:46","date_gmt":"2014-10-27T12:10:46","guid":{"rendered":"https:\/\/www.ume-mg.de\/?p=620"},"modified":"2014-10-28T12:43:35","modified_gmt":"2014-10-28T10:43:35","slug":"unternehmerabend-im-monforts-quartier","status":"publish","type":"post","link":"https:\/\/www.ume-mg.de\/?p=620","title":{"rendered":"Unternehmerabend im Monforts Quartier"},"content":{"rendered":"<p><a href=\"https:\/\/www.ume-mg.de\/wp-content\/uploads\/2014\/10\/Bild-Unternehmerabend-2014-klein.jpg\"><img loading=\"lazy\" decoding=\"async\" class=\"alignnone  wp-image-623\" src=\"https:\/\/www.ume-mg.de\/wp-content\/uploads\/2014\/10\/Bild-Unternehmerabend-2014-klein-300x221.jpg\" alt=\"Bild Unternehmerabend 2014 klein\" width=\"370\" height=\"303\" \/><\/a><\/p>\n<p><strong>Wolfgang Clement und die Energiewende im \u201eSchweinsgalopp\u201c<\/strong><\/p>\n<p><strong><strong>Die aktuelle politische und wirtschaftliche Lage beunruhigt auch die Unternehmer am Niederrhein. Was zu tun ist, damit Deutschland auch in Krisenzeiten wettbewerbsf\u00e4hig bleibt, dar\u00fcber informierte Dr. h.c. Wolfgang Clement bei einem Unternehmerabend der Unternehmerschaft Niederrhein und der Unternehmerschaft der Metall- und Elektroindustrie zu M\u00f6nchengladbach im Monforts Quartier. Rund 200 F\u00fchrungskr\u00e4fte zeigten sich begeistert: \u201eClement hat genau aufgezeigt, wo der Schuh dr\u00fcckt und in welchen Bereichen Handlungsbedarf besteht\u201c, so Reinhold Schneider, Gesch\u00e4ftsf\u00fchrer der Unternehmerschaft in M\u00f6nchengladbach. <\/strong><\/strong><\/p>\n<p>Der fr\u00fchere Ministerpr\u00e4sident des Landes Nordrhein-Westfalens und Ex-Bundeswirtschaftsminister ist immer noch Mitglied in verschiedenen Aufsichtsr\u00e4ten, Kuratorien und Beir\u00e4ten und unter anderem seit Juli 2012 auch Vorsitzender des Kuratoriums der \u201eInitiative Neue Soziale Marktwirtschaft\u201c, die zusammen mit den regionalen Arbeitgeberverb\u00e4nden diesen Abend ausrichtete. Clement gl\u00e4nzte mit seinen rhetorischen F\u00e4higkeiten und zeigte sich in Hochform. \u201eVor Monaten war die Stimmung noch phantastisch, jetzt tr\u00fcbt sie sich ein\u201c, so der ehemalige SPD-Politiker. F\u00fcr ihn lebt Deutschland im Moment von der Substanz. Aber auch Europa ist f\u00fcr ihn nicht gut genug aufgestellt, um eine weltweit f\u00fchrende Rolle zu \u00fcbernehmen. \u201eDas zeigen die aktuelle Krisen im Nahen Osten oder der Ukraine-Konflikt.\u201c Clement hofft auf die neue EU-Kommission unter Jean-Claude Juncker und hofft, dass die s\u00fcdeurop\u00e4ischen L\u00e4nder ihre Volkswirtschaften, insbesondere aber die Jugendarbeitslosigkeit, in den Griff bekommen. \u201eDas hilft auch Deutschland!<\/p>\n<p>Was muss getan werden, damit das Land wettbewerbsf\u00e4hig bleibt? Die Digitalisierung spiele eine wichtige Rolle, so der Redner. \u201eEs kann nicht sein, dass ich zuletzt in Indonesien im hintersten Winkel des Landes ein frei zug\u00e4ngliches WLAN-Netz hatte, aber in Berlin beispielsweise 15 Euro bezahlen muss.\u201c Die Energiewende im \u201eSchweinsgalopp\u201c habe zu Absurdit\u00e4ten gef\u00fchrt und sei eine Belastung f\u00fcr die Industrie. Die Gefahr sei gro\u00df, dass sich Deutschland mit seinen hohen Energiekosten \u201ede-industrialisieren\u201c w\u00fcrde. Clement fordert ein europ\u00e4isches Leitungssystem, damit der Markt gemeinsam reguliert werden kann.<\/p>\n<p>Die \u201eRegulierungswut\u201c in anderen Bereichen kritisiert der Redner: Die Pl\u00e4ne der Bundesfamilienministerin Manuela Schwesig, dass V\u00e4ter und M\u00fctter k\u00fcnftig ihre Elternzeit auch ohne Zustimmung des Arbeitgebers flexibler planen k\u00f6nnen, erteilt er eine komplette Absage. \u201eFunktioniert nicht!\u201c \u00a0Auch die \u201eRente mit 63\u201c sei ein v\u00f6llig falsches Signal gewesen. \u201eUnd das in einer Zeit, wo die Lebenserwartung deutlich gestiegen ist! Viele Menschen wollen weiter arbeiten gehen. Die Wirtschaft braucht diese Fachkr\u00e4fte!\u201c Dem Demografiewandel k\u00f6nne man seiner Meinung nach mit \u201emehr Frauenpower\u201c und einer besseren Bildung entgegenwirken. \u201eIn der fr\u00fchkindlichen Bildung wird zu wenig investiert. Wir k\u00f6nnen es uns nicht leisten, auf Kinder aus sozial benachteiligten Familien zu verzichten. Die Politik muss Angebote schaffen, damit sich deren Chancen erh\u00f6hen.\u201c<\/p>\n<p><a href=\"https:\/\/www.ume-mg.de\/wp-content\/uploads\/2014\/10\/Bild-Clement-klein.jpg\"><img loading=\"lazy\" decoding=\"async\" class=\"alignnone  wp-image-628\" src=\"https:\/\/www.ume-mg.de\/wp-content\/uploads\/2014\/10\/Bild-Clement-klein-300x201.jpg\" alt=\"Bild Clement klein\" width=\"385\" height=\"263\" \/><\/a><\/p>\n<p>&nbsp;<\/p>\n<p>&nbsp;<\/p>\n<p>&nbsp;<\/p>\n<p>&nbsp;<\/p>\n","protected":false},"excerpt":{"rendered":"<p>Wolfgang Clement und die Energiewende im \u201eSchweinsgalopp\u201c Die aktuelle politische und wirtschaftliche Lage beunruhigt auch die Unternehmer am Niederrhein. Was zu tun ist, damit Deutschland auch in Krisenzeiten wettbewerbsf\u00e4hig bleibt, dar\u00fcber informierte Dr. h.c. Wolfgang Clement bei einem Unternehmerabend der &hellip; <a href=\"https:\/\/www.ume-mg.de\/?p=620\">Weiterlesen <span class=\"meta-nav\">&rarr;<\/span><\/a><\/p>\n","protected":false},"author":2,"featured_media":0,"comment_status":"closed","ping_status":"open","sticky":false,"template":"","format":"standard","meta":{"footnotes":""},"categories":[1],"tags":[],"class_list":["post-620","post","type-post","status-publish","format-standard","hentry","category-presseinformationen"],"_links":{"self":[{"href":"https:\/\/www.ume-mg.de\/index.php?rest_route=\/wp\/v2\/posts\/620","targetHints":{"allow":["GET"]}}],"collection":[{"href":"https:\/\/www.ume-mg.de\/index.php?rest_route=\/wp\/v2\/posts"}],"about":[{"href":"https:\/\/www.ume-mg.de\/index.php?rest_route=\/wp\/v2\/types\/post"}],"author":[{"embeddable":true,"href":"https:\/\/www.ume-mg.de\/index.php?rest_route=\/wp\/v2\/users\/2"}],"replies":[{"embeddable":true,"href":"https:\/\/www.ume-mg.de\/index.php?rest_route=%2Fwp%2Fv2%2Fcomments&post=620"}],"version-history":[{"count":7,"href":"https:\/\/www.ume-mg.de\/index.php?rest_route=\/wp\/v2\/posts\/620\/revisions"}],"predecessor-version":[{"id":629,"href":"https:\/\/www.ume-mg.de\/index.php?rest_route=\/wp\/v2\/posts\/620\/revisions\/629"}],"wp:attachment":[{"href":"https:\/\/www.ume-mg.de\/index.php?rest_route=%2Fwp%2Fv2%2Fmedia&parent=620"}],"wp:term":[{"taxonomy":"category","embeddable":true,"href":"https:\/\/www.ume-mg.de\/index.php?rest_route=%2Fwp%2Fv2%2Fcategories&post=620"},{"taxonomy":"post_tag","embeddable":true,"href":"https:\/\/www.ume-mg.de\/index.php?rest_route=%2Fwp%2Fv2%2Ftags&post=620"}],"curies":[{"name":"wp","href":"https:\/\/api.w.org\/{rel}","templated":true}]}}