{"id":1689,"date":"2025-10-08T09:51:54","date_gmt":"2025-10-08T07:51:54","guid":{"rendered":"https:\/\/www.ume-mg.de\/?p=1689"},"modified":"2025-10-08T09:51:54","modified_gmt":"2025-10-08T07:51:54","slug":"eine-cnc-drehmaschine-fuer-die-ausbildung-in-metall-und-elektroberufen","status":"publish","type":"post","link":"https:\/\/www.ume-mg.de\/?p=1689","title":{"rendered":"Eine CNC-Drehmaschine f\u00fcr die Ausbildung in Metall- und Elektroberufen"},"content":{"rendered":"\n<p><\/p>\n\n\n\n<p>Die Rahmenbedingungen f\u00fcr Unternehmen der Metall- und Elektroindustrie sind derzeit alles andere als einfach: Die schw\u00e4chelnde Automobilbranche, US-Z\u00f6lle, steigende Energiekosten und der Fachkr\u00e4ftemangel stellen auch die Betriebe unserer Stadt vor gro\u00dfe Herausforderungen.<\/p>\n\n\n\n<p>Umso erfreulicher ist es, dass sich viele Unternehmen zusammengeschlossen haben, um diesen Entwicklungen gemeinsam zu begegnen. Seit vielen Jahren kooperieren die Mitgliedsfirmen der Metall- und Elektroindustrie im Bereich der Berufsausbildung, um gemeinsam geeignete Bewerber zu gewinnen. Daraus entstehen erfolgreiche Messeauftritte und Veranstaltungen wie die&nbsp;<strong>Metall- und Elektro-Challenge<\/strong>, die sich zu einer der gefragtesten Berufsorientierungsveranstaltungen in unserer Stadt entwickelt hat.<\/p>\n\n\n\n<p>Ein besonders gelungenes Beispiel f\u00fcr diese Zusammenarbeit ist der k\u00fcrzliche Erwerb einer&nbsp;<strong>transportablen CNC-Drehmaschine<\/strong>&nbsp;der Firma&nbsp;<strong>Haas<\/strong>, erm\u00f6glicht durch die Stiftung der Unternehmerschaft der Metall- und Elektroindustrie e.V. (UME-Stiftung) Die Maschine steht den Mitgliedsunternehmen der <strong>Unternehmerschaft der Metall- und Elektroindustrie e.V.<\/strong>&nbsp;f\u00fcr Ausbildungszwecke und insbesondere f\u00fcr Messeauftritte zur Berufsorientierung Verf\u00fcgung.<\/p>\n\n\n\n<p>Untergebracht ist die Maschine bei der&nbsp;<strong>Academy Vocational Winkels Hofmann GmbH<\/strong>, Sandradstra\u00dfe 3-5 in 41061 M\u00f6nchengladbach, die auch die Schirmherrschaft \u00fcbernommen hat.<\/p>\n\n\n\n<p>Ein weiteres gro\u00dfartiges Beispiel daf\u00fcr, was m\u00f6glich ist, wenn Unternehmen gemeinsame Ziele verfolgen und sich vernetzen.<\/p>\n\n\n\n<p><strong>Im Rahmen des gemeinsamen Messeauftritts bei der \u201eBeruf konkret\u201c in der Red Box, Am Nordpark 299, &nbsp;am 24. September wird die Maschine gegen 10:00 Uhr offiziell an die Schirmherrin \u00fcbergeben.\u201c<\/strong><\/p>\n\n\n\n<p><strong>Auf einen Blick<\/strong><\/p>\n\n\n\n<p>Die Unternehmerschaft der Metall- und Elektroindustrie zu M\u00f6nchengladbach e.V. als regionaler Arbeitgeberverband hat fast 60 Mitgliedsfirmen mit ann\u00e4hernd 12.000 Besch\u00e4ftigten. Als Arbeitgeberverband k\u00fcmmert sich die Unternehmerschaft um die arbeits- und sozialrechtliche Beratung und Vertretung der Mitgliedsfirmen, den Abschluss und die Auslegung von Tarifvertr\u00e4gen, die Arbeitszeit- und Entgeltgestaltung, die \u00d6ffentlichkeitsarbeit und eben auch um das Ausbildungswesen.<\/p>\n","protected":false},"excerpt":{"rendered":"<p>Die Rahmenbedingungen f\u00fcr Unternehmen der Metall- und Elektroindustrie sind derzeit alles andere als einfach: Die schw\u00e4chelnde Automobilbranche, US-Z\u00f6lle, steigende Energiekosten und der Fachkr\u00e4ftemangel stellen auch die Betriebe unserer Stadt vor gro\u00dfe Herausforderungen. Umso erfreulicher ist es, dass sich viele Unternehmen &hellip; <a href=\"https:\/\/www.ume-mg.de\/?p=1689\">Weiterlesen <span class=\"meta-nav\">&rarr;<\/span><\/a><\/p>\n","protected":false},"author":2,"featured_media":0,"comment_status":"closed","ping_status":"closed","sticky":false,"template":"","format":"standard","meta":{"footnotes":""},"categories":[1],"tags":[],"class_list":["post-1689","post","type-post","status-publish","format-standard","hentry","category-presseinformationen"],"_links":{"self":[{"href":"https:\/\/www.ume-mg.de\/index.php?rest_route=\/wp\/v2\/posts\/1689","targetHints":{"allow":["GET"]}}],"collection":[{"href":"https:\/\/www.ume-mg.de\/index.php?rest_route=\/wp\/v2\/posts"}],"about":[{"href":"https:\/\/www.ume-mg.de\/index.php?rest_route=\/wp\/v2\/types\/post"}],"author":[{"embeddable":true,"href":"https:\/\/www.ume-mg.de\/index.php?rest_route=\/wp\/v2\/users\/2"}],"replies":[{"embeddable":true,"href":"https:\/\/www.ume-mg.de\/index.php?rest_route=%2Fwp%2Fv2%2Fcomments&post=1689"}],"version-history":[{"count":1,"href":"https:\/\/www.ume-mg.de\/index.php?rest_route=\/wp\/v2\/posts\/1689\/revisions"}],"predecessor-version":[{"id":1690,"href":"https:\/\/www.ume-mg.de\/index.php?rest_route=\/wp\/v2\/posts\/1689\/revisions\/1690"}],"wp:attachment":[{"href":"https:\/\/www.ume-mg.de\/index.php?rest_route=%2Fwp%2Fv2%2Fmedia&parent=1689"}],"wp:term":[{"taxonomy":"category","embeddable":true,"href":"https:\/\/www.ume-mg.de\/index.php?rest_route=%2Fwp%2Fv2%2Fcategories&post=1689"},{"taxonomy":"post_tag","embeddable":true,"href":"https:\/\/www.ume-mg.de\/index.php?rest_route=%2Fwp%2Fv2%2Ftags&post=1689"}],"curies":[{"name":"wp","href":"https:\/\/api.w.org\/{rel}","templated":true}]}}