{"id":1518,"date":"2020-10-29T11:42:20","date_gmt":"2020-10-29T09:42:20","guid":{"rendered":"https:\/\/www.ume-mg.de\/?p=1518"},"modified":"2020-10-29T11:42:20","modified_gmt":"2020-10-29T09:42:20","slug":"ausbildungsverbund-moenchengladbach-erhaelt-neue-maschinen","status":"publish","type":"post","link":"https:\/\/www.ume-mg.de\/?p=1518","title":{"rendered":"Ausbildungsverbund M\u00f6nchengladbach erh\u00e4lt neue Maschinen"},"content":{"rendered":"\n<p><strong>Ausbildung am Puls der\nZeit<\/strong><\/p>\n\n\n\n<p><strong>Neue Besen kehren gut \u2013 unter diesem\nMotto wurden im Ausbildungsverbund M\u00f6nchengladbach gleich mehrere Maschinen\nausgetauscht, damit die Auszubildenen an Maschinen lernen k\u00f6nnen, die so auch\nin der Industrie anzutreffen sind.&nbsp; <\/strong><\/p>\n\n\n\n<p>In der letzten Woche konnte\nman tieffliegende Maschinen vor der Werkstatt der Ausbildungsverbund\nM\u00f6nchengladbach GmbH beobachten: Grund war der Austausch der\nAusbildungsmaschinen im Bereich Zerspanung f\u00fcr Ausbildung und Umschulung. Mit\nder schwergewichtigen Aktion will der AV die zukunftssichere Aufstellung f\u00fcr\nseine Lernenden sicherstellen: \u201eEine gute Ausbildung braucht moderne\nAusbildungsmittel, die sich am Puls der Zeit orientieren\u201c meint Frank Winkels,\nAusbildungsleiter der Ausbildungsverbund M\u00f6nchengladbach GmbH. \u201eWir m\u00fcssen\nsicherstellen, dass unsere Lernenden m\u00f6glichst mit den Maschinen und CNC\nSteuerungen in unseren Werkst\u00e4tten lernen, welche auch in den Werkst\u00e4tten der\nIndustrie zu finden sind.\u201c so Frank Winkels weiter. \u201eMit den beiden CNC\nMaschinen U 630 einem Fr\u00e4sbearbeitungszentrum und TC 400, einer CNC\nDrehmaschine der Firma Spinner kann der AV nun diesem Anspruch auch in der\nZukunft gerecht werden\u201c, erg\u00e4nzt die gesch\u00e4ftsf\u00fchrende Gesellschafterin des AV,\nVera Kamlowski. <\/p>\n\n\n\n<p>Neben der Programmierung auf\neiner hochmodernen Siemens-CNC-Steuerung sind diese Maschinen nat\u00fcrlich auch\nbestens f\u00fcr alle Schritte der Digitalisierung gewappnet. Berufe wie der Zerspanungsmechaniker,\nMaschinen und Anlagenf\u00fchrer oder Industriemechaniker werden direkt an diesen\nMaschinen ausgebildet. Aber auch der Technische Produktdesigner, Mechatroniker\noder Elektroniker werden so im Rahmen der Ausbildung, unter dem Stichwort\nDigitalisierung von diesen hochmodernen Maschinen profitieren. <\/p>\n\n\n\n<p>Eine Facharbeiterausbildung auf\nh\u00f6chstem Niveau ist so in den Werkst\u00e4tten der AV Ausbildungsverbund\nM\u00f6nchengladbach GmbH weiterhin sichergestellt und kn\u00fcpft an die hochwertige\nAusbildung, welche bis 2015 unter Schlafhorst in M\u00f6nchengladbach entstanden\nist, nahtlos an. <\/p>\n\n\n\n<p><strong>Hintergrund<\/strong><\/p>\n\n\n\n<p>2015\nwar durch die Standortverlegung von Schlafhorst nach \u00dcbach-Palenberg, die\nAusbildungswerkst\u00e4tten in den Besitz der Fam. Kamlowski \u00fcbergegangen. Mit\ndieser Modernisierung kommt Fam. Kamlowski ihrem Versprechen nach, den\nAusbildungsverbund in M\u00f6nchengladbach weiter zu entwickeln.<\/p>\n\n\n\n<ul class=\"wp-block-gallery columns-1 is-cropped wp-block-gallery-1 is-layout-flex wp-block-gallery-is-layout-flex\"><li class=\"blocks-gallery-item\"><figure><img loading=\"lazy\" decoding=\"async\" width=\"768\" height=\"1024\" src=\"https:\/\/www.ume-mg.de\/wp-content\/uploads\/2020\/10\/AV_MG_01_Aktuelle_Maschinen-1-768x1024.jpg\" alt=\"\" data-id=\"1520\" data-link=\"https:\/\/www.ume-mg.de\/?attachment_id=1520\" class=\"wp-image-1520\" srcset=\"https:\/\/www.ume-mg.de\/wp-content\/uploads\/2020\/10\/AV_MG_01_Aktuelle_Maschinen-1-768x1024.jpg 768w, https:\/\/www.ume-mg.de\/wp-content\/uploads\/2020\/10\/AV_MG_01_Aktuelle_Maschinen-1-225x300.jpg 225w, https:\/\/www.ume-mg.de\/wp-content\/uploads\/2020\/10\/AV_MG_01_Aktuelle_Maschinen-1.jpg 1200w\" sizes=\"auto, (max-width: 768px) 100vw, 768px\" \/><\/figure><\/li><\/ul>\n\n\n\n<p>Kommt\neine Maschine geflogen: Die neuen Maschinen garantieren eine Ausbildung auf\nh\u00f6chstem Niveau \u2013 auch in Zukunft.<\/p>\n\n\n\n<figure class=\"wp-block-image\"><img loading=\"lazy\" decoding=\"async\" width=\"1024\" height=\"768\" src=\"https:\/\/www.ume-mg.de\/wp-content\/uploads\/2020\/10\/AV_MG_02_Aktuelle_Maschinen-1024x768.jpg\" alt=\"\" class=\"wp-image-1521\" srcset=\"https:\/\/www.ume-mg.de\/wp-content\/uploads\/2020\/10\/AV_MG_02_Aktuelle_Maschinen-1024x768.jpg 1024w, https:\/\/www.ume-mg.de\/wp-content\/uploads\/2020\/10\/AV_MG_02_Aktuelle_Maschinen-300x225.jpg 300w, https:\/\/www.ume-mg.de\/wp-content\/uploads\/2020\/10\/AV_MG_02_Aktuelle_Maschinen-768x576.jpg 768w, https:\/\/www.ume-mg.de\/wp-content\/uploads\/2020\/10\/AV_MG_02_Aktuelle_Maschinen-400x300.jpg 400w, https:\/\/www.ume-mg.de\/wp-content\/uploads\/2020\/10\/AV_MG_02_Aktuelle_Maschinen.jpg 1600w\" sizes=\"auto, (max-width: 1024px) 100vw, 1024px\" \/><\/figure>\n\n\n\n<p>Freuen\nsich \u00fcber die neuen Maschinen (v.l.n.r.): Frank Winkels (Ausbildungsleiter AV),\nMaik Widmer (Fa. Spinner), Thomas Schiffer (Ausbilder AV), Daniel Feldmann (Ausbilder\nAV).<\/p>\n\n\n\n<p><strong>Direkte Ansprechpartner f\u00fcr Presseanfragen:<\/strong><\/p>\n\n\n\n<p>Frank\nWinkels, Tel.: 02161 \/ 82128-11, E-Mail: <a href=\"mailto:frank.winkels@ausbildungsverbund-mg.de\">frank.winkels@ausbildungsverbund-mg.de<\/a><\/p>\n","protected":false},"excerpt":{"rendered":"<p>Ausbildung am Puls der Zeit Neue Besen kehren gut \u2013 unter diesem Motto wurden im Ausbildungsverbund M\u00f6nchengladbach gleich mehrere Maschinen ausgetauscht, damit die Auszubildenen an Maschinen lernen k\u00f6nnen, die so auch in der Industrie anzutreffen sind.&nbsp; In der letzten Woche &hellip; <a href=\"https:\/\/www.ume-mg.de\/?p=1518\">Weiterlesen <span class=\"meta-nav\">&rarr;<\/span><\/a><\/p>\n","protected":false},"author":2,"featured_media":1519,"comment_status":"closed","ping_status":"closed","sticky":false,"template":"","format":"standard","meta":{"footnotes":""},"categories":[1],"tags":[],"class_list":["post-1518","post","type-post","status-publish","format-standard","has-post-thumbnail","hentry","category-presseinformationen"],"_links":{"self":[{"href":"https:\/\/www.ume-mg.de\/index.php?rest_route=\/wp\/v2\/posts\/1518","targetHints":{"allow":["GET"]}}],"collection":[{"href":"https:\/\/www.ume-mg.de\/index.php?rest_route=\/wp\/v2\/posts"}],"about":[{"href":"https:\/\/www.ume-mg.de\/index.php?rest_route=\/wp\/v2\/types\/post"}],"author":[{"embeddable":true,"href":"https:\/\/www.ume-mg.de\/index.php?rest_route=\/wp\/v2\/users\/2"}],"replies":[{"embeddable":true,"href":"https:\/\/www.ume-mg.de\/index.php?rest_route=%2Fwp%2Fv2%2Fcomments&post=1518"}],"version-history":[{"count":2,"href":"https:\/\/www.ume-mg.de\/index.php?rest_route=\/wp\/v2\/posts\/1518\/revisions"}],"predecessor-version":[{"id":1523,"href":"https:\/\/www.ume-mg.de\/index.php?rest_route=\/wp\/v2\/posts\/1518\/revisions\/1523"}],"wp:featuredmedia":[{"embeddable":true,"href":"https:\/\/www.ume-mg.de\/index.php?rest_route=\/wp\/v2\/media\/1519"}],"wp:attachment":[{"href":"https:\/\/www.ume-mg.de\/index.php?rest_route=%2Fwp%2Fv2%2Fmedia&parent=1518"}],"wp:term":[{"taxonomy":"category","embeddable":true,"href":"https:\/\/www.ume-mg.de\/index.php?rest_route=%2Fwp%2Fv2%2Fcategories&post=1518"},{"taxonomy":"post_tag","embeddable":true,"href":"https:\/\/www.ume-mg.de\/index.php?rest_route=%2Fwp%2Fv2%2Ftags&post=1518"}],"curies":[{"name":"wp","href":"https:\/\/api.w.org\/{rel}","templated":true}]}}