{"id":1417,"date":"2019-09-05T11:39:13","date_gmt":"2019-09-05T09:39:13","guid":{"rendered":"https:\/\/www.ume-mg.de\/?p=1417"},"modified":"2019-09-27T11:04:47","modified_gmt":"2019-09-27T09:04:47","slug":"viel-erfolg-in-deiner-beruflichen-zukunft","status":"publish","type":"post","link":"https:\/\/www.ume-mg.de\/?p=1417","title":{"rendered":"Wirtschaftsallianz ZUKUNFT MG ver\u00f6ffentlicht neuen Veranstaltungskalender"},"content":{"rendered":"\n<div class=\"wp-block-image\"><figure class=\"alignright is-resized\"><img loading=\"lazy\" decoding=\"async\" src=\"https:\/\/www.ume-mg.de\/wp-content\/uploads\/2019\/09\/Zukunft-MG-8.tif\" alt=\"\" class=\"wp-image-1453\" width=\"215\" height=\"91\"\/><\/figure><\/div>\n\n\n\n<p><strong>M\u00f6nchengladbach, 28.08.2019. Erfolg haben bei der beruflichen Orientierung, damit der Einstieg in Ausbildung oder Studium gut klappt, ist das Ziel. Der Inhalt: alle Termine zum Thema Berufsorientierung f\u00fcr das Schuljahr 2019\/20. Wo gibt es das? Im neuen Taschenkalender der Wirtschaftsallianz ZMG!<\/strong><\/p>\n\n\n\n<p>Logbuch 28. August 2019, 9:45 Uhr, Berufskolleg Wirtschaft und Verwaltung, M\u00f6nchengladbach Rheydt. Mehrere Kartons, gef\u00fcllt mit den neuen Taschenkalendern Zukunft MG stehen f\u00fcr die erste gro\u00dfe Pause bereit. Pausenklingel. Die Sch\u00fclerinnen und Sch\u00fcler st\u00fcrmen am ersten Schultag auf den Pausenhof und sehen Frau Niedlich, ihre Studien- und Berufsorientierungslehrerin vertieft in ein kleines Heft sehen. Mit einem Stift markiert sie sich Seiten, nickt und lacht. \u201eEndlich ist er da! Klasse \u2013 und wieder genauso gut gef\u00fcllt und strukturiert wie in den Jahren zuvor,\u201c freut sich die Lehrerin, wedelt mit dem Heft. \u2026 <\/p>\n\n\n\n<p>Nat\u00fcrlich finden sich darin bew\u00e4hrte Termine, wie der UME-Tag, das Azubi-Speeddating oder der Tag des Ingenieurstudiums. Es gibt aber auch eine Reihe von neuen Angeboten, die den Sch\u00fclerinnen und Sch\u00fclern helfen sollen, im Dschungel der Berufe den richtigen f\u00fcr sich zu finden. Es geht um Softskills, um Handwerk oder um Auslandsangebote. Die Palette ist reichhaltig. Ziel der Wirtschaftsallianz MG mit dem Kalender ist es kompetente Berufsorientierung mit Spa\u00df, \u00fcbersichtlich aufbereitet den Sch\u00fclerinnen und Sch\u00fcler zu vermitteln.  <\/p>\n\n\n\n<p><strong>Mit dem heutigen Schuljahresbeginn liegen die Mini-Taschenkalender in allen Schulen und \u00f6ffentlichen Einrichtungen aus. <\/strong> <\/p>\n\n\n\n<p>Auch die Sch\u00fclerinnen und Sch\u00fcler des Berufskollegs freuten sich \u00fcber den neuen Hosentaschenkalender. Er sei praktisch und sch\u00f6n klein, so die Aussagen der jungen Leute, passt so gut wie in jede Tasche. Au\u00dferdem interessierte sie, dass die Informationen zu den Veranstaltungen auf Facebook zu finden sind. <\/p>\n\n\n\n<p>Mitglieder der Wirtschaftsallianz Zukunft MG sind die Agentur f\u00fcr Arbeit M\u00f6nchengladbach, die Hochschule Niederrhein, die IHK Mittlerer Niederrhein, die Kreishandwerkerschaft M\u00f6nchengladbach, die MGconnect-Stiftung, die Unternehmerschaft der Metall- und Elektroindustrie zu M\u00f6nchengladbach sowie der Verband der Rheinischen Textil- und Bekleidungsindustrie. <\/p>\n\n\n\n\n<table id=\"tablepress-11\" class=\"tablepress tablepress-id-11\">\n<thead>\n<tr class=\"row-1\">\n\t<th class=\"column-1\">Ansprechpartner der Wirtschaftsallianz ZUKUNFT MG<\/th><td class=\"column-2\"><\/td>\n<\/tr>\n<\/thead>\n<tbody class=\"row-striping row-hover\">\n<tr class=\"row-2\">\n\t<td class=\"column-1\"><strong>Agentur f\u00fcr Arbeit M\u00f6nchengladbach<\/strong><br \/>\nMarco Lemme<br \/>\nTelefon 02161 \/ 404-33 13<\/td><td class=\"column-2\"><a href=\"https:\/\/www.ume-mg.de\/wp-content\/uploads\/2019\/09\/Argentur-f\u00fcr-Arbeit-2.png\"><img loading=\"lazy\" decoding=\"async\" src=\"https:\/\/www.ume-mg.de\/wp-content\/uploads\/2019\/09\/Argentur-f\u00fcr-Arbeit-2.png\" alt=\"\" width=\"299\" height=\"84\" class=\"alignnone size-full wp-image-1458\" \/><\/a><\/td>\n<\/tr>\n<tr class=\"row-3\">\n\t<td class=\"column-1\"><strong>Hochschule Niederrhein <\/strong><br \/>\nDilek Tekin<br \/>\nTelefon 02161 \/ 186-2712<\/td><td class=\"column-2\"><a href=\"https:\/\/www.ume-mg.de\/wp-content\/uploads\/2019\/09\/Hochschule-Niederrhein-1.jpg\"><img loading=\"lazy\" decoding=\"async\" src=\"https:\/\/www.ume-mg.de\/wp-content\/uploads\/2019\/09\/Hochschule-Niederrhein-1-300x82.jpg\" alt=\"\" width=\"300\" height=\"82\" class=\"alignnone size-medium wp-image-1459\" srcset=\"https:\/\/www.ume-mg.de\/wp-content\/uploads\/2019\/09\/Hochschule-Niederrhein-1-300x82.jpg 300w, https:\/\/www.ume-mg.de\/wp-content\/uploads\/2019\/09\/Hochschule-Niederrhein-1-500x137.jpg 500w, https:\/\/www.ume-mg.de\/wp-content\/uploads\/2019\/09\/Hochschule-Niederrhein-1.jpg 731w\" sizes=\"auto, (max-width: 300px) 100vw, 300px\" \/><\/a><\/td>\n<\/tr>\n<tr class=\"row-4\">\n\t<td class=\"column-1\"><strong>IHK Mittlerer Niederrhein <\/strong><br \/>\nPetra Pigerl-Radtke<br \/>\nTelefon 02161 \/ 241-110<\/td><td class=\"column-2\"><a href=\"https:\/\/www.ume-mg.de\/wp-content\/uploads\/2019\/09\/IHK-1.jpg\"><img loading=\"lazy\" decoding=\"async\" src=\"https:\/\/www.ume-mg.de\/wp-content\/uploads\/2019\/09\/IHK-1-300x67.jpg\" alt=\"\" width=\"300\" height=\"67\" class=\"alignnone size-medium wp-image-1460\" srcset=\"https:\/\/www.ume-mg.de\/wp-content\/uploads\/2019\/09\/IHK-1-300x67.jpg 300w, https:\/\/www.ume-mg.de\/wp-content\/uploads\/2019\/09\/IHK-1-768x172.jpg 768w, https:\/\/www.ume-mg.de\/wp-content\/uploads\/2019\/09\/IHK-1-1024x229.jpg 1024w, https:\/\/www.ume-mg.de\/wp-content\/uploads\/2019\/09\/IHK-1-500x112.jpg 500w, https:\/\/www.ume-mg.de\/wp-content\/uploads\/2019\/09\/IHK-1.jpg 1642w\" sizes=\"auto, (max-width: 300px) 100vw, 300px\" \/><\/a><\/td>\n<\/tr>\n<tr class=\"row-5\">\n\t<td class=\"column-1\"><strong>Kreishandwerkerschaft  M\u00f6nchengladbach<\/strong><br \/>\nStefan Bresser<br \/>\nTelefon 02161 \/ 49 15-25<\/td><td class=\"column-2\"><a href=\"https:\/\/www.ume-mg.de\/wp-content\/uploads\/2019\/09\/Kreishandwerkschaft-MG-neu-2-1.png\"><img loading=\"lazy\" decoding=\"async\" src=\"https:\/\/www.ume-mg.de\/wp-content\/uploads\/2019\/09\/Kreishandwerkschaft-MG-neu-2-1-300x115.png\" alt=\"\" width=\"300\" height=\"115\" class=\"alignnone size-medium wp-image-1461\" srcset=\"https:\/\/www.ume-mg.de\/wp-content\/uploads\/2019\/09\/Kreishandwerkschaft-MG-neu-2-1-300x115.png 300w, https:\/\/www.ume-mg.de\/wp-content\/uploads\/2019\/09\/Kreishandwerkschaft-MG-neu-2-1-768x294.png 768w, https:\/\/www.ume-mg.de\/wp-content\/uploads\/2019\/09\/Kreishandwerkschaft-MG-neu-2-1-1024x391.png 1024w, https:\/\/www.ume-mg.de\/wp-content\/uploads\/2019\/09\/Kreishandwerkschaft-MG-neu-2-1-500x191.png 500w, https:\/\/www.ume-mg.de\/wp-content\/uploads\/2019\/09\/Kreishandwerkschaft-MG-neu-2-1.png 1172w\" sizes=\"auto, (max-width: 300px) 100vw, 300px\" \/><\/a><\/td>\n<\/tr>\n<tr class=\"row-6\">\n\t<td class=\"column-1\"><strong>MGconnect-Stiftung <\/strong><br \/>\nAxel Tillmanns<br \/>\nTelefon 02161 \/ 823 79-76<\/td><td class=\"column-2\"><a href=\"https:\/\/www.ume-mg.de\/wp-content\/uploads\/2019\/09\/MG-connect-1.png\"><img loading=\"lazy\" decoding=\"async\" src=\"https:\/\/www.ume-mg.de\/wp-content\/uploads\/2019\/09\/MG-connect-1-300x127.png\" alt=\"\" width=\"300\" height=\"127\" class=\"alignnone size-medium wp-image-1462\" srcset=\"https:\/\/www.ume-mg.de\/wp-content\/uploads\/2019\/09\/MG-connect-1-300x127.png 300w, https:\/\/www.ume-mg.de\/wp-content\/uploads\/2019\/09\/MG-connect-1-500x212.png 500w, https:\/\/www.ume-mg.de\/wp-content\/uploads\/2019\/09\/MG-connect-1.png 626w\" sizes=\"auto, (max-width: 300px) 100vw, 300px\" \/><\/a><\/td>\n<\/tr>\n<tr class=\"row-7\">\n\t<td class=\"column-1\"><strong>Unternehmerschaft der Metall- und Elektroindustrie zu M\u00f6nchengladbach <\/strong><br \/>\nReinhold Schneider<br \/>\nTelefon 02161 \/ 926 89-13<\/td><td class=\"column-2\"><a href=\"https:\/\/www.ume-mg.de\/wp-content\/uploads\/2019\/09\/UME-1.jpg\"><img loading=\"lazy\" decoding=\"async\" src=\"https:\/\/www.ume-mg.de\/wp-content\/uploads\/2019\/09\/UME-1-300x82.jpg\" alt=\"\" width=\"300\" height=\"82\" class=\"alignnone size-medium wp-image-1463\" srcset=\"https:\/\/www.ume-mg.de\/wp-content\/uploads\/2019\/09\/UME-1-300x82.jpg 300w, https:\/\/www.ume-mg.de\/wp-content\/uploads\/2019\/09\/UME-1-500x136.jpg 500w, https:\/\/www.ume-mg.de\/wp-content\/uploads\/2019\/09\/UME-1.jpg 700w\" sizes=\"auto, (max-width: 300px) 100vw, 300px\" \/><\/a><\/td>\n<\/tr>\n<tr class=\"row-8\">\n\t<td class=\"column-1\"><strong>Verband der Rheinischen Textil- und Bekleidungsindustrie <\/strong><br \/>\nJ\u00fcrgen Steidel <br \/>\nTelefon 0202 \/ 25 80-150<\/td><td class=\"column-2\"><a href=\"https:\/\/www.ume-mg.de\/wp-content\/uploads\/2019\/09\/Verband-der-Rheinischen-Textil-und-Bekleidungsindustrie-e.-V.-1.jpg\"><img loading=\"lazy\" decoding=\"async\" src=\"https:\/\/www.ume-mg.de\/wp-content\/uploads\/2019\/09\/Verband-der-Rheinischen-Textil-und-Bekleidungsindustrie-e.-V.-1-300x81.jpg\" alt=\"\" width=\"300\" height=\"81\" class=\"alignnone size-medium wp-image-1464\" srcset=\"https:\/\/www.ume-mg.de\/wp-content\/uploads\/2019\/09\/Verband-der-Rheinischen-Textil-und-Bekleidungsindustrie-e.-V.-1-300x81.jpg 300w, https:\/\/www.ume-mg.de\/wp-content\/uploads\/2019\/09\/Verband-der-Rheinischen-Textil-und-Bekleidungsindustrie-e.-V.-1-768x209.jpg 768w, https:\/\/www.ume-mg.de\/wp-content\/uploads\/2019\/09\/Verband-der-Rheinischen-Textil-und-Bekleidungsindustrie-e.-V.-1-500x136.jpg 500w, https:\/\/www.ume-mg.de\/wp-content\/uploads\/2019\/09\/Verband-der-Rheinischen-Textil-und-Bekleidungsindustrie-e.-V.-1.jpg 965w\" sizes=\"auto, (max-width: 300px) 100vw, 300px\" \/><\/a><\/td>\n<\/tr>\n<\/tbody>\n<\/table>\n<!-- #tablepress-11 from cache -->\n","protected":false},"excerpt":{"rendered":"<p>M\u00f6nchengladbach, 28.08.2019. Erfolg haben bei der beruflichen Orientierung, damit der Einstieg in Ausbildung oder Studium gut klappt, ist das Ziel. Der Inhalt: alle Termine zum Thema Berufsorientierung f\u00fcr das Schuljahr 2019\/20. Wo gibt es das? Im neuen Taschenkalender der Wirtschaftsallianz &hellip; <a href=\"https:\/\/www.ume-mg.de\/?p=1417\">Weiterlesen <span class=\"meta-nav\">&rarr;<\/span><\/a><\/p>\n","protected":false},"author":3,"featured_media":0,"comment_status":"closed","ping_status":"closed","sticky":false,"template":"","format":"standard","meta":{"footnotes":""},"categories":[1],"tags":[],"class_list":["post-1417","post","type-post","status-publish","format-standard","hentry","category-presseinformationen"],"_links":{"self":[{"href":"https:\/\/www.ume-mg.de\/index.php?rest_route=\/wp\/v2\/posts\/1417","targetHints":{"allow":["GET"]}}],"collection":[{"href":"https:\/\/www.ume-mg.de\/index.php?rest_route=\/wp\/v2\/posts"}],"about":[{"href":"https:\/\/www.ume-mg.de\/index.php?rest_route=\/wp\/v2\/types\/post"}],"author":[{"embeddable":true,"href":"https:\/\/www.ume-mg.de\/index.php?rest_route=\/wp\/v2\/users\/3"}],"replies":[{"embeddable":true,"href":"https:\/\/www.ume-mg.de\/index.php?rest_route=%2Fwp%2Fv2%2Fcomments&post=1417"}],"version-history":[{"count":27,"href":"https:\/\/www.ume-mg.de\/index.php?rest_route=\/wp\/v2\/posts\/1417\/revisions"}],"predecessor-version":[{"id":1479,"href":"https:\/\/www.ume-mg.de\/index.php?rest_route=\/wp\/v2\/posts\/1417\/revisions\/1479"}],"wp:attachment":[{"href":"https:\/\/www.ume-mg.de\/index.php?rest_route=%2Fwp%2Fv2%2Fmedia&parent=1417"}],"wp:term":[{"taxonomy":"category","embeddable":true,"href":"https:\/\/www.ume-mg.de\/index.php?rest_route=%2Fwp%2Fv2%2Fcategories&post=1417"},{"taxonomy":"post_tag","embeddable":true,"href":"https:\/\/www.ume-mg.de\/index.php?rest_route=%2Fwp%2Fv2%2Ftags&post=1417"}],"curies":[{"name":"wp","href":"https:\/\/api.w.org\/{rel}","templated":true}]}}