{"id":1407,"date":"2019-06-03T09:54:39","date_gmt":"2019-06-03T07:54:39","guid":{"rendered":"https:\/\/www.ume-mg.de\/?p=1407"},"modified":"2019-06-03T09:54:39","modified_gmt":"2019-06-03T07:54:39","slug":"die-unternehmerschaft-der-metall-und-elektroindustrie-mg-feiert-jubilaeum","status":"publish","type":"post","link":"https:\/\/www.ume-mg.de\/?p=1407","title":{"rendered":"Die Unternehmerschaft der Metall- und Elektroindustrie MG feiert Jubil\u00e4um"},"content":{"rendered":"<p><strong>1919 bis 2019: Eine hundertj\u00e4hrige Erfolgsgeschichte<\/strong><\/p>\n<p><strong>Seit 100 Jahren steht die Unternehmerschaft der Metall- und Elektroindustrie M\u00f6nchengladbach als Arbeitgeberverband seinen Mitgliedern aktiv zur Seite. Am Donnerstag, den 16. Mai, fand die Jubil\u00e4umsfeier im Kunstwerk Wickrath mit \u00fcber 250 geladenen G\u00e4sten aus Wirtschaft und Politik statt. <\/strong><\/p>\n<p>Mit einer kurzen Reise durch 100 Jahre Verbandsgeschichte leitete der Vorsitzende des Unternehmerverbandes, Albrecht Driescher, die Feierlichkeiten ein und unterstrich in seiner Rede die Bedeutung der Metall- und Elektroindustrie am Standort M\u00f6nchengladbach. Zudem gab Driescher die Gr\u00fcndung der UME-Stiftung bekannt, deren Zweck vor allem die F\u00f6rderung von Fort- und Weiterbildung in den technischen und naturwissenschaftlichen Berufen der Metall- und Elektroindustrie sein wird.<\/p>\n<p>Der Auftaktrede des Vorsitzenden Driescher folgte das Gru\u00dfwort von M\u00f6nchengladbachs Oberb\u00fcrgermeister Hans Wilhelm Reiners \u2013 der ebenfalls auf den Wert der Metall- und Elektroindustrie in M\u00f6nchengladbach hinwies sowie die Verbandsarbeit der Unternehmerschaft in seiner Ansprache w\u00fcrdigte.<\/p>\n<p>Ein Kernpunkt der Veranstaltung war die Festansprache von Arndt G. Kirchhoff (Pr\u00e4sident von METALL NRW und unternehmer nrw, Gesch\u00e4ftsf\u00fchrender Gesellschafter der KIRCHHOFF-Gruppe und CEO der KIRCHHOFF Holding GmbH &amp; Co. KG): Er unterstrich die Wichtigkeit und Chancen des Wirtschaftsstandorts Europa im weltweiten Markt \u2013 und zeigte die aktuellen Herausforderungen auf. In diesem Kontext wies Kirchhoff auch noch einmal auf die Bedeutung der bevorstehenden Europawahl am 26. Mai hin.<\/p>\n<p>Zwischen den Ansprachen sorgten musikalisch das Orchester OPUS 125 sowie die Moderation von Marion C\u00fcrlis (radio NRW) f\u00fcr den festlichen Rahmen. Die Veranstaltung schloss mit einem gemeinsamen Essen \u2013 und reichlich Raum f\u00fcr aktive Netzwerkgespr\u00e4che.<\/p>\n<p>F\u00fcr gro\u00dfes Interesse sorgte auch die Pr\u00e4senz einer der insgesamt zehn Infotrucks der Metall- und Elektroindustrie vor dem Kunstwerk Wickrath: Die modernen Trucks sind 200 Tage im Jahr deutschlandweit unterwegs, um Sch\u00fclern die praktischen Anwendungen und M\u00f6glichkeiten der vielf\u00e4ltigen Ausbildungsberufe in der Metall- und Elektroindustrie zu zeigen.<\/p>\n<p>Nach der Veranstaltung konnte sich jeder Gast \u00fcber ein Geschenk freuen: Thematisch passend, erhielt jeder ein Trinkgef\u00e4\u00df aus Metall \u2013 den UME to go &#8211; Thermobecher: Praktisch, n\u00fctzlich, immer pr\u00e4sent, wie die Unternehmerschaft der Metall- und Elektroindustrie selbst.<\/p>\n<p>&nbsp;<\/p>\n","protected":false},"excerpt":{"rendered":"<p>1919 bis 2019: Eine hundertj\u00e4hrige Erfolgsgeschichte Seit 100 Jahren steht die Unternehmerschaft der Metall- und Elektroindustrie M\u00f6nchengladbach als Arbeitgeberverband seinen Mitgliedern aktiv zur Seite. Am Donnerstag, den 16. Mai, fand die Jubil\u00e4umsfeier im Kunstwerk Wickrath mit \u00fcber 250 geladenen G\u00e4sten &hellip; <a href=\"https:\/\/www.ume-mg.de\/?p=1407\">Weiterlesen <span class=\"meta-nav\">&rarr;<\/span><\/a><\/p>\n","protected":false},"author":2,"featured_media":0,"comment_status":"closed","ping_status":"closed","sticky":false,"template":"","format":"standard","meta":{"footnotes":""},"categories":[1],"tags":[],"class_list":["post-1407","post","type-post","status-publish","format-standard","hentry","category-presseinformationen"],"_links":{"self":[{"href":"https:\/\/www.ume-mg.de\/index.php?rest_route=\/wp\/v2\/posts\/1407","targetHints":{"allow":["GET"]}}],"collection":[{"href":"https:\/\/www.ume-mg.de\/index.php?rest_route=\/wp\/v2\/posts"}],"about":[{"href":"https:\/\/www.ume-mg.de\/index.php?rest_route=\/wp\/v2\/types\/post"}],"author":[{"embeddable":true,"href":"https:\/\/www.ume-mg.de\/index.php?rest_route=\/wp\/v2\/users\/2"}],"replies":[{"embeddable":true,"href":"https:\/\/www.ume-mg.de\/index.php?rest_route=%2Fwp%2Fv2%2Fcomments&post=1407"}],"version-history":[{"count":1,"href":"https:\/\/www.ume-mg.de\/index.php?rest_route=\/wp\/v2\/posts\/1407\/revisions"}],"predecessor-version":[{"id":1408,"href":"https:\/\/www.ume-mg.de\/index.php?rest_route=\/wp\/v2\/posts\/1407\/revisions\/1408"}],"wp:attachment":[{"href":"https:\/\/www.ume-mg.de\/index.php?rest_route=%2Fwp%2Fv2%2Fmedia&parent=1407"}],"wp:term":[{"taxonomy":"category","embeddable":true,"href":"https:\/\/www.ume-mg.de\/index.php?rest_route=%2Fwp%2Fv2%2Fcategories&post=1407"},{"taxonomy":"post_tag","embeddable":true,"href":"https:\/\/www.ume-mg.de\/index.php?rest_route=%2Fwp%2Fv2%2Ftags&post=1407"}],"curies":[{"name":"wp","href":"https:\/\/api.w.org\/{rel}","templated":true}]}}