{"id":1371,"date":"2018-09-28T11:00:24","date_gmt":"2018-09-28T09:00:24","guid":{"rendered":"https:\/\/www.ume-mg.de\/?p=1371"},"modified":"2018-09-28T11:00:24","modified_gmt":"2018-09-28T09:00:24","slug":"beruf-konkret","status":"publish","type":"post","link":"https:\/\/www.ume-mg.de\/?p=1371","title":{"rendered":"Beruf konkret"},"content":{"rendered":"<p><strong>Potenziale und Perspektiven auf einen Blick<\/strong><\/p>\n<p><strong>Rund 5.000 Sch\u00fclerinnen und Sch\u00fcler der Klassen 9 und 10 informierten sich bei \u201eBeruf konkret\u201c, eine der gr\u00f6\u00dften Berufsinformationsmessen am linken Niederrhein, \u00fcber unterschiedliche Ausbildungs- und Studienangebote. Erstmals pr\u00e4sentierte sich die hiesige Metall- und Elektroindustrie mit ihren Unternehmen gemeinsam in einem M+E-Raum \u2013 mit Erfolg. \u201eWir haben so gezielt die Ausbildungsberufe in unserer Branche vorstellen k\u00f6nnen\u201c, erkl\u00e4rt Holger Baunach, der f\u00fcr die Unternehmerschaft der Metall- und Elektroindustrie zu M\u00f6nchengladbach e.V. den Auftritt am Platz der Republik koordinierte. Als weiteres Highlight informierte der M+E-Truck \u00fcber Karrierem\u00f6glichkeiten in der Metall- und Elektroindustrie. Der High-Tech-Truck wurde bereits im Fr\u00fchjahr f\u00fcr die Berufsorientierung in M\u00f6nchengladbach gezielt genutzt.<\/strong><\/p>\n<p>Richard Lorse kann die \u201eBeruf konkret\u201c aus eigener Erfahrung nur w\u00e4rmstens empfehlen. Der 21-J\u00e4hrige fand hier vor sechs Jahren seinen Ausbildungsplatz. \u201eAm Stand der SMS group bin ich h\u00e4ngengeblieben. Das Berufsbild sprach mich sofort an\u201c, erinnert sich der angehende Zerspanungsmechaniker, der jetzt auf der anderen Seite Sch\u00fclerinnen und Sch\u00fclern erkl\u00e4rt, was ein Zerspanungsmechaniker so macht und worauf es ankommt. \u201eDas Interesse ist gro\u00df. Viele wollen wissen, wie der Arbeitsalltag aussieht\u201c, erkl\u00e4rt der SMS-Auszubildende im dritten Lehrjahr. Lorse hat einen guten Tipp parat: \u201eLearning bei doing. Ein Praktikum ist immer ein guter Einstieg. Danach kann man schon ganz gut absch\u00e4tzen, ob dieser Beruf der richtige ist.\u201c Mit kleinen praktischen \u00dcbungen kann der Nachwuchs an den St\u00e4nden von Scheidt &amp; Bachmann, Tr\u00fctzschler, Sempell, Dr. Hahn, TAS oder dem Ausbildungsverbund selbst Hand anlegen. Noch anschaulicher wird es im M+E-Truck. Dort kann unter fachlicher Anleitung gefr\u00e4st werden. \u201eEine tolle M\u00f6glichkeit, um sich zu orientieren: Sch\u00fclerinnen und Sch\u00fcler sollten sich m\u00f6glichst fr\u00fchzeitig mit Berufsbildern besch\u00e4ftigen und auf jeden Fall ausprobieren. Nur so findet man den richtigen Job\u201c, erkl\u00e4rt Schuldezernent Dr. Gert Fischer.<\/p>\n<p>F\u00fcr UME-Gesch\u00e4ftsf\u00fchrer Reinhold Schneider ist \u201eBeruf konkret\u201c eine exzellente M\u00f6glichkeit, um erste Eindr\u00fccke zu vermitteln. \u201eDarauf kommt es an. Wer hier ist, kann auf sich aufmerksam machen und den ersten Kontakt herstellen. Nur wer auf den Nachwuchs zugeht und Angebote schafft, wird wahrgenommen und findet die Fachkr\u00e4fte von morgen.\u201c Richard Lorse ist ein gutes Beispiel, dass das bei \u201eBeruf konkret\u201c ausgezeichnet funktioniert.<\/p>\n<p><a href=\"https:\/\/www.ume-mg.de\/wp-content\/uploads\/2018\/09\/Bild-1-Beruf-konkret-2018-klein.jpg\"><img loading=\"lazy\" decoding=\"async\" class=\"alignnone size-medium wp-image-1372\" src=\"https:\/\/www.ume-mg.de\/wp-content\/uploads\/2018\/09\/Bild-1-Beruf-konkret-2018-klein-300x200.jpg\" alt=\"\" width=\"300\" height=\"200\" srcset=\"https:\/\/www.ume-mg.de\/wp-content\/uploads\/2018\/09\/Bild-1-Beruf-konkret-2018-klein-300x200.jpg 300w, https:\/\/www.ume-mg.de\/wp-content\/uploads\/2018\/09\/Bild-1-Beruf-konkret-2018-klein-450x300.jpg 450w, https:\/\/www.ume-mg.de\/wp-content\/uploads\/2018\/09\/Bild-1-Beruf-konkret-2018-klein.jpg 640w\" sizes=\"auto, (max-width: 300px) 100vw, 300px\" \/><\/a><\/p>\n<p><strong>Auf einen Blick<\/strong><\/p>\n<p>Die bereits seit 1994 alle zwei Jahre stattfindende \u201eBeruf konkret\u201c wird federf\u00fchrend durch den Fachbereich Schule und Sport der Stadt M\u00f6nchengladbach organisiert. Veranstaltungspartner sind die Agentur f\u00fcr Arbeit, die MGconnect Stiftung, die Wirtschaftsf\u00f6rderung M\u00f6nchengladbach sowie das Berufskolleg f\u00fcr Technik und Medien.<\/p>\n","protected":false},"excerpt":{"rendered":"<p>Potenziale und Perspektiven auf einen Blick Rund 5.000 Sch\u00fclerinnen und Sch\u00fcler der Klassen 9 und 10 informierten sich bei \u201eBeruf konkret\u201c, eine der gr\u00f6\u00dften Berufsinformationsmessen am linken Niederrhein, \u00fcber unterschiedliche Ausbildungs- und Studienangebote. Erstmals pr\u00e4sentierte sich die hiesige Metall- und &hellip; <a href=\"https:\/\/www.ume-mg.de\/?p=1371\">Weiterlesen <span class=\"meta-nav\">&rarr;<\/span><\/a><\/p>\n","protected":false},"author":2,"featured_media":0,"comment_status":"closed","ping_status":"closed","sticky":false,"template":"","format":"standard","meta":{"footnotes":""},"categories":[1],"tags":[],"class_list":["post-1371","post","type-post","status-publish","format-standard","hentry","category-presseinformationen"],"_links":{"self":[{"href":"https:\/\/www.ume-mg.de\/index.php?rest_route=\/wp\/v2\/posts\/1371","targetHints":{"allow":["GET"]}}],"collection":[{"href":"https:\/\/www.ume-mg.de\/index.php?rest_route=\/wp\/v2\/posts"}],"about":[{"href":"https:\/\/www.ume-mg.de\/index.php?rest_route=\/wp\/v2\/types\/post"}],"author":[{"embeddable":true,"href":"https:\/\/www.ume-mg.de\/index.php?rest_route=\/wp\/v2\/users\/2"}],"replies":[{"embeddable":true,"href":"https:\/\/www.ume-mg.de\/index.php?rest_route=%2Fwp%2Fv2%2Fcomments&post=1371"}],"version-history":[{"count":1,"href":"https:\/\/www.ume-mg.de\/index.php?rest_route=\/wp\/v2\/posts\/1371\/revisions"}],"predecessor-version":[{"id":1373,"href":"https:\/\/www.ume-mg.de\/index.php?rest_route=\/wp\/v2\/posts\/1371\/revisions\/1373"}],"wp:attachment":[{"href":"https:\/\/www.ume-mg.de\/index.php?rest_route=%2Fwp%2Fv2%2Fmedia&parent=1371"}],"wp:term":[{"taxonomy":"category","embeddable":true,"href":"https:\/\/www.ume-mg.de\/index.php?rest_route=%2Fwp%2Fv2%2Fcategories&post=1371"},{"taxonomy":"post_tag","embeddable":true,"href":"https:\/\/www.ume-mg.de\/index.php?rest_route=%2Fwp%2Fv2%2Ftags&post=1371"}],"curies":[{"name":"wp","href":"https:\/\/api.w.org\/{rel}","templated":true}]}}