{"id":1245,"date":"2017-06-27T14:20:04","date_gmt":"2017-06-27T12:20:04","guid":{"rendered":"https:\/\/www.ume-mg.de\/?p=1245"},"modified":"2017-07-05T14:12:19","modified_gmt":"2017-07-05T12:12:19","slug":"veranstaltung-der-friedrich-naumann-stiftung-in-kooperation-mit-der-unternehmerschaft","status":"publish","type":"post","link":"https:\/\/www.ume-mg.de\/?p=1245","title":{"rendered":"Veranstaltung der Friedrich-Naumann-Stiftung in Kooperation mit der Unternehmerschaft"},"content":{"rendered":"<p><strong>Die demografische Herausforderung<\/strong><\/p>\n<p style=\"text-align: justify;\"><strong>Ob Rente, Pflege oder Arbeitsmarkt \u2013 die demografische Entwicklung stellt die Gesellschaft vor gewaltige Herausforderungen. Wie zukunftsfest sind die sozialen Sicherungssysteme und wie sieht der Arbeitsmarkt der Zukunft aus? In Kooperation mit der Unternehmerschaft der Metall- und Elektroindustrie zu M\u00f6nchengladbach e.V. (UME) und der Initiative Neue Soziale Marktwirtschaft (INSM) l\u00e4dt die Friedrich-Naumann-Stiftung f\u00fcr die Freiheit am Dienstag, 11. Juli, um 18 Uhr zu einer Vortragsveranstaltung mit anschlie\u00dfender Diskussionsrunde ins Haus Erholung ein. Prof. Dr. Bernd Raffelh\u00fcschen, Professor f\u00fcr Finanzwissenschaft und Direktor des Forschungszentrums Generationsvertr\u00e4ge an der Albert-Ludwigs-Universit\u00e4t Freiburg, wird die demografische Herausforderung vorstellen und Antworten geben. <\/strong><\/p>\n<p style=\"text-align: justify;\">Vertieft wird das Thema bei der anschlie\u00dfenden Diskussionsrunde mit Prof. Dr. Tilman Mayer, Vorsitzender der Gesellschaft f\u00fcr Deutschlandforschung (GfD) und von 2010 bis 2016 Pr\u00e4sident der Deutschen Gesellschaft f\u00fcr Demographie, und Otto Fricke, Mitglied des Bundesvorstandes der FDP und Experte f\u00fcr Haushaltspolitik. Es moderiert die n-tv-Moderatorin Bianca Thomas. Das Gru\u00dfwort spricht der UME-Vorsitzende Dipl.-Ing Albrecht Driescher.<\/p>\n<p style=\"text-align: justify;\">Im Rahmen der Veranstaltung wird es auch die M\u00f6glichkeit geben, einen ironischen Blick auf die Karikaturenausstellung \u201eSieben Jahrzehnte Soziale Marktwirtschaft\u201c zu werfen, in der 31 Karikaturisten 70 gezeichnete Schlaglichter zur Sozialen Marktwirtschaft zur Schau stellen.<\/p>\n<p style=\"text-align: justify;\">Anmeldungen zur kostenfreien Veranstaltung nimmt die Friedrich-Naumann-Stiftung per Mail unter <u>service@freiheit.org<\/u> oder telefonisch unter 0 30\/22 01 26 34 entgegen.<\/p>\n<p><em>\u00a0<\/em><\/p>\n<p><strong><em>HINWEIS AN DIE PRESSE: <\/em><\/strong><\/p>\n<p style=\"text-align: justify;\"><em>Zur Berichterstattung \u2013 gerne auch mit Fotografen \u2013 laden wir Sie recht herzlich ein. Auf Anfrage stehen die Referenten f\u00fcr Interviews gerne zur Verf\u00fcgung.\u00a0 Ein detailliertes Programm finden Sie unter: https:\/\/shop.freiheit.org\/#!\/Veranstaltung\/AD259.<\/em><\/p>\n","protected":false},"excerpt":{"rendered":"<p>Die demografische Herausforderung Ob Rente, Pflege oder Arbeitsmarkt \u2013 die demografische Entwicklung stellt die Gesellschaft vor gewaltige Herausforderungen. Wie zukunftsfest sind die sozialen Sicherungssysteme und wie sieht der Arbeitsmarkt der Zukunft aus? In Kooperation mit der Unternehmerschaft der Metall- und &hellip; <a href=\"https:\/\/www.ume-mg.de\/?p=1245\">Weiterlesen <span class=\"meta-nav\">&rarr;<\/span><\/a><\/p>\n","protected":false},"author":2,"featured_media":0,"comment_status":"closed","ping_status":"closed","sticky":false,"template":"","format":"standard","meta":{"footnotes":""},"categories":[1],"tags":[],"class_list":["post-1245","post","type-post","status-publish","format-standard","hentry","category-presseinformationen"],"_links":{"self":[{"href":"https:\/\/www.ume-mg.de\/index.php?rest_route=\/wp\/v2\/posts\/1245","targetHints":{"allow":["GET"]}}],"collection":[{"href":"https:\/\/www.ume-mg.de\/index.php?rest_route=\/wp\/v2\/posts"}],"about":[{"href":"https:\/\/www.ume-mg.de\/index.php?rest_route=\/wp\/v2\/types\/post"}],"author":[{"embeddable":true,"href":"https:\/\/www.ume-mg.de\/index.php?rest_route=\/wp\/v2\/users\/2"}],"replies":[{"embeddable":true,"href":"https:\/\/www.ume-mg.de\/index.php?rest_route=%2Fwp%2Fv2%2Fcomments&post=1245"}],"version-history":[{"count":2,"href":"https:\/\/www.ume-mg.de\/index.php?rest_route=\/wp\/v2\/posts\/1245\/revisions"}],"predecessor-version":[{"id":1248,"href":"https:\/\/www.ume-mg.de\/index.php?rest_route=\/wp\/v2\/posts\/1245\/revisions\/1248"}],"wp:attachment":[{"href":"https:\/\/www.ume-mg.de\/index.php?rest_route=%2Fwp%2Fv2%2Fmedia&parent=1245"}],"wp:term":[{"taxonomy":"category","embeddable":true,"href":"https:\/\/www.ume-mg.de\/index.php?rest_route=%2Fwp%2Fv2%2Fcategories&post=1245"},{"taxonomy":"post_tag","embeddable":true,"href":"https:\/\/www.ume-mg.de\/index.php?rest_route=%2Fwp%2Fv2%2Ftags&post=1245"}],"curies":[{"name":"wp","href":"https:\/\/api.w.org\/{rel}","templated":true}]}}