{"id":1030,"date":"2016-06-27T10:01:51","date_gmt":"2016-06-27T08:01:51","guid":{"rendered":"https:\/\/www.ume-mg.de\/?p=1030"},"modified":"2016-06-27T10:01:51","modified_gmt":"2016-06-27T08:01:51","slug":"me-schuelerwoche-ein-erfolg","status":"publish","type":"post","link":"https:\/\/www.ume-mg.de\/?p=1030","title":{"rendered":"M+E Sch\u00fclerwoche ein Erfolg"},"content":{"rendered":"<p><strong>\u201eSolche Angebote lohnen sich\u201c <\/strong><\/p>\n<p><strong>Ber\u00fchrungs\u00e4ngste abbauen, Karrierewege aufzeigen, f\u00fcr Technik begeistern \u2013 dank diverser Veranstaltungen lernte der Nachwuchs bei der ersten \u201eM + E Sch\u00fclerwoche in M\u00f6nchengladbach\u201c die vielf\u00e4ltige und spannende Welt der Metall- und Elektroindustrie kennen. Im High-Tech-Infotruck, beim Berufsparcours in der Gesamtschule oder bei den Businesstagen f\u00fcr angehende Ingenieure und Auszubildende gab es f\u00fcr Sch\u00fclerinnen und Sch\u00fcler der M\u00f6nchengladbacher Schulen ein pralles Paket an praxisnahen Informationen zu Ausbildungs- und Studienm\u00f6glichkeiten. \u00a0<\/strong><\/p>\n<p>\u201eDie Metall- und Elektroindustrie braucht Fachkr\u00e4fte mehr denn je. Wer sich f\u00fcr Technik begeistert und die Faszination Technik praxisnah und spannend erleben m\u00f6chte, war in unserer Metallwoche goldrichtig. Das positive Feedback der Teilnehmer zeigt, dass sich solche Angebote lohnen und beim Nachwuchs auf fruchtbaren Boden fallen\u201c, fasst Reinhold Schneider, Gesch\u00e4ftsf\u00fchrer der Unternehmerschaft der Metall- und Elektroindustrie, seine Eindr\u00fccke zusammen. Angesichts der unabwendbaren demographischen Entwicklung w\u00fcrden die Unternehmen heute noch intensiver auf den Nachwuchs zugehen. \u201eUnd das ist gut so. Denn die Jugendlichen von heute sind die Facharbeiter und Ingenieure von morgen!\u201c<\/p>\n<p><strong>Gesamtschule Stadtmitte neue zdi-Partnerschule<\/strong><\/p>\n<p>Ein Highlight war sicherlich der M+E-Infotruck, der am Franz-Meyers-Gymnasium vier Tage lang M+E-typische Arbeitspl\u00e4tze vorstellte. \u201eDas gro\u00dfe Interesse und auch Wissen der Sch\u00fclerinnen und Sch\u00fcler hat uns \u00fcberrascht. Wir hatten beispielsweise eine Klasse 8 der Gesamtschule Stadtmitte hier, die Aufgaben l\u00f6sen konnten, die eigentlich f\u00fcr Zehntkl\u00e4ssler gedacht war\u201c, erkl\u00e4rt Dilan Burul, die M+E-Ansprechpartnerin im Truck. Die Gesamtschule Stadtmitte ist jetzt neue Partnerschule im zdi-Zentrum M\u00f6nchengladbach. \u201eWir sind interessiert an guten Kontakten zur hiesigen Wirtschaft. Wir wollen unseren Sch\u00fclern M\u00f6glichkeiten aufzeigen, in welchen Betrieben gut und gerne ausgebildet wird. Das zdi-Zentrum ist genau das richtige Netzwerk\u201c, erkl\u00e4rt Lehrerin Sabine Halling. F\u00fcr sie ist der Weg, erst eine Ausbildung zu machen und dann studieren zu gehen, der absolut richtige.<\/p>\n<p><strong>Berufsparcours mit 336 Sch\u00fclerinnen und Sch\u00fclern<\/strong><\/p>\n<p>Beim \u201eBerufsparcours\u201c in der Gesamtschule Volksgarten konnten insgesamt 336 Sch\u00fclerinnen und Sch\u00fcler der Klassen 9 und 10 aus unterschiedlichen Gesamt-, Haupt- und Realschulen einen Vormittag lang an verschiedenen Stationen verschiedene Berufsbilder praktisch ausprobieren. Es wurden Pr\u00fcfberichte erstellt, Elektroschaltungen aufgebaut, L\u00f6t\u00fcbungen durchgef\u00fchrt und Motorenklemmbretter montiert und demontiert. \u201eDer Nachwuchs war in diesem Jahr noch besser vorbereitet als in den Vorjahren\u201c, erkl\u00e4rt Karin Ressel, die den Berufsparcours bereits seit 25 Jahren organisiert und damit rund 800.000 Jugendliche erreicht hat.<\/p>\n<p><strong>Businesstage bei der SMS group, Tr\u00fctzschler, Schorch und GE Grid<\/strong><\/p>\n<p>Beim \u201eBusinesstag Ingenieurwesen\u201c erfuhren angehende Abiturienten bei der SMS group und bei Tr\u00fctzschler alles \u00fcber Ausbildung, Studium, duales Studium und die T\u00e4tigkeiten eines Ingenieurs. Beim \u201eBusinesstag Ausbildung\u201c waren Neun- und Zehntkl\u00e4ssler bei ATB Schorch und GE Grid zu Gast. Hier lernten sie nicht nur das Einmaleins der Metallverarbeitung kennen, sondern erfuhren auch aus erster Hand von Auszubildenden, wie die Ausbildung der Elektroniker f\u00fcr Maschinen und Antriebstechnik, Fachkr\u00e4fte f\u00fcr Metalltechnik oder Industrie- und Zerspanungsmechaniker in der Lehrwerkstatt von Schorch\/GE Grid abl\u00e4uft. \u201eDas Anforderungsprofil ist heute ein ganz anderes. Die Azubis m\u00fcssen sich deutlich mehr Wissen aneignen\u201c, erkl\u00e4rt Rainer Koch, Leiter der Ausbildungswerkstatt. Die Aufgabenstellungen seien heute wesentlich komplexer geworden, aber \u201ewer sich f\u00fcr Technik begeistert, wird einen spannenden und abwechslungsreichen Job in der Metall- und Elektroindustrie finden.\u201c Emin Turus, Sch\u00fcler der Gesamtschule Stadtmitte, war begeistert: \u201eMir hat der Tag der Ausbildung richtig gut gefallen, weil einem die Metall- und Elektroindustrie praxisnah vermittelt wurde und man sogar selber aktiv werden konnte.\u201c<\/p>\n<p><a href=\"https:\/\/www.ume-mg.de\/wp-content\/uploads\/2016\/06\/Bild-Berufsparcours-2016-klein.jpg\"><img loading=\"lazy\" decoding=\"async\" class=\"alignnone size-medium wp-image-1031\" src=\"https:\/\/www.ume-mg.de\/wp-content\/uploads\/2016\/06\/Bild-Berufsparcours-2016-klein-300x200.jpg\" alt=\"Bild Berufsparcours 2016 klein\" width=\"300\" height=\"200\" srcset=\"https:\/\/www.ume-mg.de\/wp-content\/uploads\/2016\/06\/Bild-Berufsparcours-2016-klein-300x200.jpg 300w, https:\/\/www.ume-mg.de\/wp-content\/uploads\/2016\/06\/Bild-Berufsparcours-2016-klein-450x300.jpg 450w, https:\/\/www.ume-mg.de\/wp-content\/uploads\/2016\/06\/Bild-Berufsparcours-2016-klein.jpg 640w\" sizes=\"auto, (max-width: 300px) 100vw, 300px\" \/><\/a><\/p>\n<p><a href=\"https:\/\/www.ume-mg.de\/wp-content\/uploads\/2016\/06\/Bild-zdi-Urkunde-2016.jpg\"><img loading=\"lazy\" decoding=\"async\" class=\"alignnone size-medium wp-image-1032\" src=\"https:\/\/www.ume-mg.de\/wp-content\/uploads\/2016\/06\/Bild-zdi-Urkunde-2016-300x187.jpg\" alt=\"Bild zdi Urkunde 2016\" width=\"300\" height=\"187\" srcset=\"https:\/\/www.ume-mg.de\/wp-content\/uploads\/2016\/06\/Bild-zdi-Urkunde-2016-300x187.jpg 300w, https:\/\/www.ume-mg.de\/wp-content\/uploads\/2016\/06\/Bild-zdi-Urkunde-2016-482x300.jpg 482w, https:\/\/www.ume-mg.de\/wp-content\/uploads\/2016\/06\/Bild-zdi-Urkunde-2016.jpg 640w\" sizes=\"auto, (max-width: 300px) 100vw, 300px\" \/><\/a><\/p>\n<p><strong><u>Anh\u00e4ngende Bilder:<\/u><\/strong><\/p>\n<p><strong>berufsparcours1.jpg: <\/strong>Der \u201eBerufsparcours\u201c an der Gesamtschule Volksgarten: Am Stand von GE Grid erfuhren die Sch\u00fclerinnen und Sch\u00fcler, was ein Elektroniker f\u00fcr Maschinen- und Antriebstechnik k\u00f6nnen muss.<\/p>\n<p><strong>Zdi_urkunde.jpg:<\/strong> Neue Partnerschule des zdi-Zentrums M\u00f6nchengladbach. Susanne Feldges (2.v.r.) und Holger Baunach (li.) \u00fcberreichen den Lehrern Sabine Halling und Nicolai Vent die zdi-Urkunde.<\/p>\n","protected":false},"excerpt":{"rendered":"<p>\u201eSolche Angebote lohnen sich\u201c Ber\u00fchrungs\u00e4ngste abbauen, Karrierewege aufzeigen, f\u00fcr Technik begeistern \u2013 dank diverser Veranstaltungen lernte der Nachwuchs bei der ersten \u201eM + E Sch\u00fclerwoche in M\u00f6nchengladbach\u201c die vielf\u00e4ltige und spannende Welt der Metall- und Elektroindustrie kennen. Im High-Tech-Infotruck, beim &hellip; <a href=\"https:\/\/www.ume-mg.de\/?p=1030\">Weiterlesen <span class=\"meta-nav\">&rarr;<\/span><\/a><\/p>\n","protected":false},"author":2,"featured_media":0,"comment_status":"closed","ping_status":"closed","sticky":false,"template":"","format":"standard","meta":{"footnotes":""},"categories":[1],"tags":[],"class_list":["post-1030","post","type-post","status-publish","format-standard","hentry","category-presseinformationen"],"_links":{"self":[{"href":"https:\/\/www.ume-mg.de\/index.php?rest_route=\/wp\/v2\/posts\/1030","targetHints":{"allow":["GET"]}}],"collection":[{"href":"https:\/\/www.ume-mg.de\/index.php?rest_route=\/wp\/v2\/posts"}],"about":[{"href":"https:\/\/www.ume-mg.de\/index.php?rest_route=\/wp\/v2\/types\/post"}],"author":[{"embeddable":true,"href":"https:\/\/www.ume-mg.de\/index.php?rest_route=\/wp\/v2\/users\/2"}],"replies":[{"embeddable":true,"href":"https:\/\/www.ume-mg.de\/index.php?rest_route=%2Fwp%2Fv2%2Fcomments&post=1030"}],"version-history":[{"count":1,"href":"https:\/\/www.ume-mg.de\/index.php?rest_route=\/wp\/v2\/posts\/1030\/revisions"}],"predecessor-version":[{"id":1033,"href":"https:\/\/www.ume-mg.de\/index.php?rest_route=\/wp\/v2\/posts\/1030\/revisions\/1033"}],"wp:attachment":[{"href":"https:\/\/www.ume-mg.de\/index.php?rest_route=%2Fwp%2Fv2%2Fmedia&parent=1030"}],"wp:term":[{"taxonomy":"category","embeddable":true,"href":"https:\/\/www.ume-mg.de\/index.php?rest_route=%2Fwp%2Fv2%2Fcategories&post=1030"},{"taxonomy":"post_tag","embeddable":true,"href":"https:\/\/www.ume-mg.de\/index.php?rest_route=%2Fwp%2Fv2%2Ftags&post=1030"}],"curies":[{"name":"wp","href":"https:\/\/api.w.org\/{rel}","templated":true}]}}